{"id":434,"date":"2023-03-02T11:10:05","date_gmt":"2023-03-02T11:10:05","guid":{"rendered":"https:\/\/lenartoptika.ro\/?p=434"},"modified":"2023-03-02T14:11:58","modified_gmt":"2023-03-02T14:11:58","slug":"muzee-din-transilvania-placute-ochiului-si-pe-care-trebuie-sa-le-vezi-neaparat","status":"publish","type":"post","link":"https:\/\/lenartoptika.ro\/ro\/blog-ro\/muzee-din-transilvania-placute-ochiului-si-pe-care-trebuie-sa-le-vezi-neaparat\/","title":{"rendered":"Muzee din Transilvania, pl\u0103cute ochiului \u0219i pe care trebuie s\u0103 le vezi neap\u0103rat"},"content":{"rendered":"<p>[vc_row][vc_column][vc_column_text]<\/p>\n<p class=\"p1\"><b>Muzeele ne permit s\u0103 c\u0103l\u0103torim \u00een timp, ne ajut\u0103 s\u0103 observ\u0103m obiectele, vremurile \u0219i oamenii de demult \u00eentr-un context nou. Dar dincolo de toate acestea, muzeul \u00eenseamn\u0103 \u0219i un mod special de a privi: intr\u00e2nd \u00eentr-o astfel de institu\u021bie, vizitatorii primesc \u2013 metaforic vorbind &#8211; ni\u0219te ochelari prin care obiectele expuse pot fi v\u0103zute ca opere de art\u0103.<\/b><\/p>\n<p class=\"p1\">Svetlana Alpers, istoric de art\u0103, scriitoare \u0219i critic american, considerat\u0103 precursoarea conceptului de cultur\u0103 vizual\u0103, a sus\u021binut c\u0103 vizualitatea are un rol primordial \u00een modul \u00een care definim lumea. Dac\u0103 nu vedem bine sau nu privim acolo unde ar fi important s\u0103 privim, viziunea noastr\u0103 asupra lumii poate fi distorsionat\u0103. Obiectele de art\u0103 sunt enigme, prin decodarea acestora ne apropiem mai u\u0219or<span class=\"Apple-converted-space\">\u00a0 <\/span>de \u00een\u021belegerea istoricit\u0103\u021bii lumii. O oper\u0103 de art\u0103 nu este neap\u0103rat doar o sculptur\u0103 sau o pictur\u0103, ci \u0219i un obiect utilitar cu o istorie bogat\u0103, care cap\u0103t\u0103 o nou\u0103 calitate atunci c\u00e2nd este plasat \u00eentr-un muzeu. Pentru a vedea aceast\u0103 nou\u0103 calitate, trebuie s\u0103 intr\u0103m \u00een spa\u021biul muzeal \u0219i s\u0103-i descoperim secretele.<\/p>\n<p class=\"p1\">\u00cen Transilvania, avem o serie de muzee cu colec\u021bii impresionante, care, prin colectarea \u0219i gestionarea obiectelor din regiune, asigur\u0103 nu numai conservarea patrimoniul cultural, ci servesc \u0219i ca leg\u0103tur\u0103 vie \u0219i organic\u0103 \u00eentre diferite epoci \u0219i genera\u021bii. Iat\u0103 trei muzee care nu numai c\u0103 prezint\u0103 cultura local\u0103 turi\u0219tilor care le viziteaz\u0103, dar deschid lumea tuturor celor care le trec pragul!<\/p>\n<p>[\/vc_column_text][\/vc_column][\/vc_row][vc_row][vc_column width=&#8221;1\/4&#8243;][vc_single_image image=&#8221;450&#8243; img_size=&#8221;large&#8221; style=&#8221;vc_box_shadow_3d&#8221; onclick=&#8221;custom_link&#8221; css_animation=&#8221;fadeIn&#8221; link=&#8221;https:\/\/www.kezdi.info\/kepek\/kep\/3175&#8243;][\/vc_column][vc_column width=&#8221;3\/4&#8243;][vc_column_text]<\/p>\n<p class=\"p1\"><b>Muzeul de Istorie a Breslelor <\/b>\u201e<b>Incze L\u00e1szl\u00f3\u201d, T\u00e2rgu Secuiesc<\/b><\/p>\n<p class=\"p1\">Scopul principal al muzeului, dup\u0103 cum sugereaz\u0103 \u0219i numele, este de a prezenta me\u0219te\u0219ugurile locale. Me\u0219te\u0219ugarii au format bresle, care nu erau doar o asocia\u021bie economic\u0103, ci \u0219i una de formare a identit\u0103\u021bii. S\u0103lile expozi\u021biei de istorie a breslelor sunt pline de steme, steaguri, scrisori de privilegiu p\u0103strate cu m\u00e2ndrie, cufere de breasl\u0103 \u0219i, bine\u00een\u021beles, unelte \u0219i materiale specifice meseriei \u0219i descrieri precise ale modului \u00een care acestea erau folosite.<\/p>\n<p class=\"p1\">Amintirea R\u0103zboiului de Independen\u021b\u0103 din 1848-49 este foarte vie \u00een regiune, iar acest muzeu are o serie de exponate legate de aceast\u0103 perioad\u0103. \u00c1ron G\u00e1bor provenea din comuna Bre\u021bcu, \u00een ora\u0219 o \u0219coal\u0103 profesional\u0103 \u00eei poart\u0103 numele, iar muzeul din T\u00e2rgu Secuiesc p\u0103streaz\u0103 demn memoria lui \u0219i al fierarului M\u00f3zes Tur\u00f3czi, care era originar din acest ora\u0219. Sub \u00eendrumarea lui \u00c1ron G\u00e1bor, \u00een atelierul lui M\u00f3zes Tur\u00f3czi au fost fabricate aproximativ 70 de tunuri folosite \u00een b\u0103t\u0103lia de autoap\u0103rare.<\/p>\n<p class=\"p1\">Una dintre cele mai populare expozi\u021bii permanente ale muzeului din T\u00e2rgu Secuiesc este colec\u021bia de costume populare \u00een miniatur\u0103: p\u0103pu\u0219ile Zsuzsi \u0219i Andris prezint\u0103 costumele tradi\u021bionale din regiunile transilv\u0103nene. Muzeul este situat \u00een fosta cl\u0103dire a prim\u0103riei, \u00een centrul ora\u0219ului renumit pentru cur\u021bile sale. Poart\u0103 denumirea actual\u0103 din 2012, c\u00e2nd a preluat numele fondatorului \u0219i fostului s\u0103u director, L\u00e1szl\u00f3 Incze, profesor de istorie.<\/p>\n<p>[\/vc_column_text][\/vc_column][\/vc_row][vc_row][vc_column width=&#8221;1\/4&#8243;][vc_single_image image=&#8221;448&#8243; img_size=&#8221;large&#8221; style=&#8221;vc_box_shadow_3d&#8221; onclick=&#8221;custom_link&#8221; css_animation=&#8221;fadeIn&#8221; link=&#8221;https:\/\/www.google.com\/imgres?imgurl=https%3A%2F%2Fupload.wikimedia.org%2Fwikipedia%2Fcommons%2F5%2F54%2FMuzeul_National_Secuiesc_din_Sfantul_Gheorghe.jpg&amp;imgrefurl=https%3A%2F%2Fhu.wikipedia.org%2Fwiki%2FSz%25C3%25A9kely_Nemzeti_M%25C3%25BAzeum&amp;tbnid=q79FUzZs_6EmIM&amp;vet=12ahUKEwjWosK0jb39AhWR_rsIHVa7BRkQMygBegUIARC_AQ..i&amp;docid=5wDTJJg0qdMEwM&amp;w=6000&amp;h=4000&amp;q=sz%C3%A9kely%20nemzeti%20m%C3%BAzeum&amp;ved=2ahUKEwjWosK0jb39AhWR_rsIHVa7BRkQMygBegUIARC_AQ&#8221;][\/vc_column][vc_column width=&#8221;3\/4&#8243;][vc_column_text]<\/p>\n<p class=\"p1\"><b>Cel mai pl\u0103cut ochiului: Muzeul Na\u021bional Secuiesc, Sf\u00e2ntu Gheorghe<\/b><\/p>\n<p class=\"p1\">Cel mai vechi muzeu al jude\u021bului Covasna, Muzeul Na\u021bional Secuiesc din Sf\u00e2ntu Gheorghe a fost \u00eenfiin\u021bat \u00een 1875. Cl\u0103direa sa impun\u0103toare \u0219i specific\u0103 a fost proiectat\u0103 de K\u00e1roly K\u00f3s \u0219i este o oper\u0103 de art\u0103 \u00een sine. Edificiul, vechi de 110 ani, este \u00een prezent \u00een curs de renovare complet\u0103 \u0219i se a\u0219teapt\u0103 s\u0103 se redeschid\u0103 pentru vizitatori \u00een toamna anului 2023, \u00een acest timp programele institu\u021biei se desf\u0103\u0219oar\u0103 \u00een L\u00e1bash\u00e1z (Casa cu Arcade), o cl\u0103dire emblematic\u0103 din centrul ora\u0219ului.<\/p>\n<p class=\"p1\">De\u0219i cea mai valoroas\u0103 parte a bogatei colec\u021bii &#8211; documente din secolul al XIV-lea, scrisori cu stem\u0103 ai unor domnitori, materiale vechi din arhivele scaunelor \u0219i biserice\u0219ti, codexuri, c\u0103r\u021bi rare, tip\u0103rituri vechi, relicve literare &#8211; a fost distrus\u0103 \u00een evenimentele din timpul celui de-al Doilea R\u0103zboi Mondial, multe obiecte de art\u0103 valoroase au supravie\u021buit, unul dintre ele fiind Codicele Apor. Muzeul g\u0103zduie\u0219te, de asemenea, ultimul tun turnat de eroul R\u0103zboiului de Independen\u021b\u0103 din 1848-49, \u00c1ron G\u00e1bor. \u00cen toamn\u0103, cl\u0103direa principal\u0103 a muzeului va fi redeschis\u0103 cu o expozi\u021bie dedicat\u0103 lui \u00c1ron G\u00e1bor.<\/p>\n<p>[\/vc_column_text][\/vc_column][\/vc_row][vc_row][vc_column width=&#8221;1\/4&#8243;][vc_single_image image=&#8221;444&#8243; img_size=&#8221;large&#8221; style=&#8221;vc_box_shadow_3d&#8221; onclick=&#8221;custom_link&#8221; css_animation=&#8221;fadeIn&#8221; link=&#8221;https:\/\/commons.wikimedia.org\/wiki\/File:Cernat_Muzeu.jpg&#8221;][\/vc_column][vc_column width=&#8221;3\/4&#8243;][vc_column_text]<\/p>\n<p class=\"p1\"><b>Muzeul \u201eHaszmann P\u00e1l\u201d, Cernat<\/b><\/p>\n<p class=\"p1\">Muzeul satului din Cernat poart\u0103 \u0219i el numele fondatorului s\u0103u, P\u00e1l Haszmann. Muzeul se afl\u0103 \u00een conacul Gyula Damokos \u0219i \u00een parcul acestuia. Caracterul ansamblului este dat de casele vechi, por\u021bile secuie\u0219ti, morile de ap\u0103 \u0219i de elementele tipice ale arhitecturii populare care au fost str\u0103mutate \u00een gr\u0103dina conacului. Casele sunt amenajate cu mobilier, obiecte \u0219i unelte de epoc\u0103. \u00cen gr\u0103dina muzeului putem vedea, de asemenea, pietre funerare, cruci, morminte, grinzi de tavan sculptate \u0219i inscrip\u021bionate precum \u0219i monumente de piatr\u0103.<\/p>\n<p class=\"p1\">Ceea ce face ca acest mic muzeu s\u0103 fie cu totul unic este expozi\u021bia de unelte \u0219i utilaje agricole vechi, care are scopul de a prezenta trecutul agriculturii din regiunea Trei Scaune. Putem admira \u00een curtea muzeului ma\u0219ini cu aburi, ma\u0219ini de treierat, tractoare, ma\u0219ini cu motor, ma\u0219ini de lucrat p\u0103m\u00e2ntul \u0219i o serie de unelte agricole unice, iar o dat\u0103 pe an, \u00een cadrul evenimentului Csern\u00e1toni Burrogtat\u00f3, organizat de obicei la \u00eenceputul toamnei, aceste ma\u0219ini vechi prind via\u021b\u0103 cu ajutorul unor tehnicieni califica\u021bi!<\/p>\n<p class=\"p1\">De asemenea, muzeul g\u0103zduie\u0219te periodic cursuri de formare, tabere \u0219i o \u0219coal\u0103 popular\u0103 unde po\u021bi \u00eenv\u0103\u021ba tainele sculpturii \u00een lemn \u0219i pictura pe mobilier. Oric\u00e2nd ai veni, vei fi c\u0103l\u0103uzit de ochi exper\u021bi \u00een privin\u021ba celor v\u0103zute! Familia extins\u0103 Haszmann, care continu\u0103 s\u0103 \u00ee\u0219i fac\u0103 misiune din conducerea muzeului, este fericit\u0103 s\u0103-\u021bi prezinte muzeul \u0219i s\u0103 ofere informa\u021bii legat de istoria unui obiect, a unei expozi\u021bii sau prin evocarea unei amintiri.<\/p>\n<p>[\/vc_column_text][\/vc_column][\/vc_row][vc_row][vc_column][vc_empty_space][\/vc_column][\/vc_row][vc_row][vc_column][vc_column_text]<\/p>\n<p class=\"p1\">Prive\u0219te \u00een jur \u0219i vezi minuni similare! Iar dac\u0103 \u021bi se pare dificil, este posibil ca vina s\u0103 fie a dispozitivului de corec\u021bie a vederii. <a href=\"https:\/\/lenartoptika.ro\/ro\/contact\/\">La magazinele L\u00e9n\u00e1rt Optika<\/a> din T\u00e2rgu Secuiesc, Sf\u00e2ntu Gheorghe \u0219i Covasna, po\u021bi \u00eenlocui ochelarii spar\u021bi \u00een timpul c\u0103l\u0103toriei, lentilele de contact pierdute sau po\u021bi procura ochelari de soare super-moderni pentru a te bucura de o vacan\u021b\u0103 cu adev\u0103rat relaxant\u0103 al\u0103turi de partenerul sau partenera ta! Te a\u0219tept\u0103m cu drag!<\/p>\n<p>[\/vc_column_text][\/vc_column][\/vc_row]<\/p>\n","protected":false},"excerpt":{"rendered":"<p>[vc_row][vc_column][vc_column_text] Muzeele ne permit s\u0103 c\u0103l\u0103torim \u00een timp, ne ajut\u0103 s\u0103 observ\u0103m obiectele, vremurile \u0219i oamenii de demult \u00eentr-un context nou. Dar dincolo de toate acestea, muzeul \u00eenseamn\u0103 \u0219i un mod special de a privi: intr\u00e2nd \u00eentr-o astfel de institu\u021bie, vizitatorii primesc \u2013 metaforic vorbind &#8211; ni\u0219te ochelari prin care obiectele expuse pot fi v\u0103zute&hellip;<\/p>\n","protected":false},"author":1,"featured_media":437,"comment_status":"closed","ping_status":"closed","sticky":false,"template":"","format":"standard","meta":[],"categories":[6],"tags":[],"yoast_head":"<!-- This site is optimized with the Yoast SEO plugin v18.9 - https:\/\/yoast.com\/wordpress\/plugins\/seo\/ -->\n<title>Muzee din Transilvania, pl\u0103cute ochiului \u0219i pe care trebuie s\u0103 le vezi neap\u0103rat - L\u00e9n\u00e1rt Optika<\/title>\n<meta name=\"description\" content=\"Atunci c\u00e2nd vizit\u0103m un castel, nu c\u0103l\u0103torim doar \u00eentr-un spa\u021biu, c\u0103ci fiecare monument ac\u021bioneaz\u0103 ca un fel de portal...\" \/>\n<meta name=\"robots\" content=\"index, follow, max-snippet:-1, max-image-preview:large, max-video-preview:-1\" \/>\n<link rel=\"canonical\" href=\"https:\/\/lenartoptika.ro\/ro\/blog-ro\/muzee-din-transilvania-placute-ochiului-si-pe-care-trebuie-sa-le-vezi-neaparat\/\" \/>\n<meta property=\"og:locale\" content=\"ro_RO\" \/>\n<meta property=\"og:type\" content=\"article\" \/>\n<meta property=\"og:title\" content=\"Cinci castele de o frumuse\u021be inegalabil\u0103 din Transilvania pe care trebuie s\u0103 le vezi cu persoana iubit\u0103\" \/>\n<meta property=\"og:description\" content=\"Atunci c\u00e2nd vizit\u0103m un castel, nu c\u0103l\u0103torim doar \u00eentr-un spa\u021biu, c\u0103ci fiecare monument ac\u021bioneaz\u0103 ca un fel de portal prin care putem face adev\u0103rate c\u0103l\u0103torii \u00een trecut.\" \/>\n<meta property=\"og:url\" content=\"https:\/\/lenartoptika.ro\/ro\/blog-ro\/muzee-din-transilvania-placute-ochiului-si-pe-care-trebuie-sa-le-vezi-neaparat\/\" \/>\n<meta property=\"og:site_name\" content=\"L\u00e9n\u00e1rt Optika\" \/>\n<meta property=\"article:published_time\" content=\"2023-03-02T11:10:05+00:00\" \/>\n<meta property=\"article:modified_time\" content=\"2023-03-02T14:11:58+00:00\" \/>\n<meta property=\"og:image\" content=\"https:\/\/lenartoptika.ro\/wp-content\/uploads\/2023\/02\/Lenart_1200x800-0208-B.jpg\" \/>\n\t<meta property=\"og:image:width\" content=\"1200\" \/>\n\t<meta property=\"og:image:height\" content=\"600\" \/>\n\t<meta property=\"og:image:type\" content=\"image\/jpeg\" \/>\n<meta name=\"twitter:card\" content=\"summary_large_image\" \/>\n<meta name=\"twitter:label1\" content=\"Written by\" \/>\n\t<meta name=\"twitter:data1\" content=\"lenartoptika\" \/>\n\t<meta name=\"twitter:label2\" content=\"Est. reading time\" \/>\n\t<meta name=\"twitter:data2\" content=\"6 minute\" \/>\n<script type=\"application\/ld+json\" class=\"yoast-schema-graph\">{\"@context\":\"https:\/\/schema.org\",\"@graph\":[{\"@type\":\"Organization\",\"@id\":\"https:\/\/lenartoptika.ro\/ro\/#organization\",\"name\":\"L\u00e9n\u00e1rt Optika\",\"url\":\"https:\/\/lenartoptika.ro\/ro\/\",\"sameAs\":[],\"logo\":{\"@type\":\"ImageObject\",\"inLanguage\":\"ro-RO\",\"@id\":\"https:\/\/lenartoptika.ro\/ro\/#\/schema\/logo\/image\/\",\"url\":\"https:\/\/lenartoptika.ro\/wp-content\/uploads\/2023\/01\/logo-hor-250.png\",\"contentUrl\":\"https:\/\/lenartoptika.ro\/wp-content\/uploads\/2023\/01\/logo-hor-250.png\",\"width\":250,\"height\":96,\"caption\":\"L\u00e9n\u00e1rt Optika\"},\"image\":{\"@id\":\"https:\/\/lenartoptika.ro\/ro\/#\/schema\/logo\/image\/\"}},{\"@type\":\"WebSite\",\"@id\":\"https:\/\/lenartoptika.ro\/ro\/#website\",\"url\":\"https:\/\/lenartoptika.ro\/ro\/\",\"name\":\"L\u00e9n\u00e1rt Optika\",\"description\":\"O vedere clar\u0103 \u0219i imaculat\u0103!\",\"publisher\":{\"@id\":\"https:\/\/lenartoptika.ro\/ro\/#organization\"},\"potentialAction\":[{\"@type\":\"SearchAction\",\"target\":{\"@type\":\"EntryPoint\",\"urlTemplate\":\"https:\/\/lenartoptika.ro\/ro\/?s={search_term_string}\"},\"query-input\":\"required name=search_term_string\"}],\"inLanguage\":\"ro-RO\"},{\"@type\":\"ImageObject\",\"inLanguage\":\"ro-RO\",\"@id\":\"https:\/\/lenartoptika.ro\/ro\/blog-ro\/muzee-din-transilvania-placute-ochiului-si-pe-care-trebuie-sa-le-vezi-neaparat\/#primaryimage\",\"url\":\"https:\/\/lenartoptika.ro\/wp-content\/uploads\/2023\/02\/Lenart_1200x800-0208-B.jpg\",\"contentUrl\":\"https:\/\/lenartoptika.ro\/wp-content\/uploads\/2023\/02\/Lenart_1200x800-0208-B.jpg\",\"width\":1200,\"height\":600},{\"@type\":\"WebPage\",\"@id\":\"https:\/\/lenartoptika.ro\/ro\/blog-ro\/muzee-din-transilvania-placute-ochiului-si-pe-care-trebuie-sa-le-vezi-neaparat\/#webpage\",\"url\":\"https:\/\/lenartoptika.ro\/ro\/blog-ro\/muzee-din-transilvania-placute-ochiului-si-pe-care-trebuie-sa-le-vezi-neaparat\/\",\"name\":\"Muzee din Transilvania, pl\u0103cute ochiului \u0219i pe care trebuie s\u0103 le vezi neap\u0103rat - L\u00e9n\u00e1rt Optika\",\"isPartOf\":{\"@id\":\"https:\/\/lenartoptika.ro\/ro\/#website\"},\"primaryImageOfPage\":{\"@id\":\"https:\/\/lenartoptika.ro\/ro\/blog-ro\/muzee-din-transilvania-placute-ochiului-si-pe-care-trebuie-sa-le-vezi-neaparat\/#primaryimage\"},\"datePublished\":\"2023-03-02T11:10:05+00:00\",\"dateModified\":\"2023-03-02T14:11:58+00:00\",\"description\":\"Atunci c\u00e2nd vizit\u0103m un castel, nu c\u0103l\u0103torim doar \u00eentr-un spa\u021biu, c\u0103ci fiecare monument ac\u021bioneaz\u0103 ca un fel de portal...\",\"breadcrumb\":{\"@id\":\"https:\/\/lenartoptika.ro\/ro\/blog-ro\/muzee-din-transilvania-placute-ochiului-si-pe-care-trebuie-sa-le-vezi-neaparat\/#breadcrumb\"},\"inLanguage\":\"ro-RO\",\"potentialAction\":[{\"@type\":\"ReadAction\",\"target\":[\"https:\/\/lenartoptika.ro\/ro\/blog-ro\/muzee-din-transilvania-placute-ochiului-si-pe-care-trebuie-sa-le-vezi-neaparat\/\"]}]},{\"@type\":\"BreadcrumbList\",\"@id\":\"https:\/\/lenartoptika.ro\/ro\/blog-ro\/muzee-din-transilvania-placute-ochiului-si-pe-care-trebuie-sa-le-vezi-neaparat\/#breadcrumb\",\"itemListElement\":[{\"@type\":\"ListItem\",\"position\":1,\"name\":\"Home\",\"item\":\"https:\/\/lenartoptika.ro\/ro\/\"},{\"@type\":\"ListItem\",\"position\":2,\"name\":\"Muzee din Transilvania, pl\u0103cute ochiului \u0219i pe care trebuie s\u0103 le vezi neap\u0103rat\"}]},{\"@type\":\"Article\",\"@id\":\"https:\/\/lenartoptika.ro\/ro\/blog-ro\/muzee-din-transilvania-placute-ochiului-si-pe-care-trebuie-sa-le-vezi-neaparat\/#article\",\"isPartOf\":{\"@id\":\"https:\/\/lenartoptika.ro\/ro\/blog-ro\/muzee-din-transilvania-placute-ochiului-si-pe-care-trebuie-sa-le-vezi-neaparat\/#webpage\"},\"author\":{\"@id\":\"https:\/\/lenartoptika.ro\/ro\/#\/schema\/person\/e368db8e0ccc9714ce92da1027b04e1c\"},\"headline\":\"Muzee din Transilvania, pl\u0103cute ochiului \u0219i pe care trebuie s\u0103 le vezi neap\u0103rat\",\"datePublished\":\"2023-03-02T11:10:05+00:00\",\"dateModified\":\"2023-03-02T14:11:58+00:00\",\"mainEntityOfPage\":{\"@id\":\"https:\/\/lenartoptika.ro\/ro\/blog-ro\/muzee-din-transilvania-placute-ochiului-si-pe-care-trebuie-sa-le-vezi-neaparat\/#webpage\"},\"wordCount\":1352,\"publisher\":{\"@id\":\"https:\/\/lenartoptika.ro\/ro\/#organization\"},\"image\":{\"@id\":\"https:\/\/lenartoptika.ro\/ro\/blog-ro\/muzee-din-transilvania-placute-ochiului-si-pe-care-trebuie-sa-le-vezi-neaparat\/#primaryimage\"},\"thumbnailUrl\":\"https:\/\/lenartoptika.ro\/wp-content\/uploads\/2023\/02\/Lenart_1200x800-0208-B.jpg\",\"articleSection\":[\"Blog\"],\"inLanguage\":\"ro-RO\"},{\"@type\":\"Person\",\"@id\":\"https:\/\/lenartoptika.ro\/ro\/#\/schema\/person\/e368db8e0ccc9714ce92da1027b04e1c\",\"name\":\"lenartoptika\",\"sameAs\":[\"http:\/\/lenartoptika.ro\"]}]}<\/script>\n<!-- \/ Yoast SEO plugin. -->","yoast_head_json":{"title":"Muzee din Transilvania, pl\u0103cute ochiului \u0219i pe care trebuie s\u0103 le vezi neap\u0103rat - L\u00e9n\u00e1rt Optika","description":"Atunci c\u00e2nd vizit\u0103m un castel, nu c\u0103l\u0103torim doar \u00eentr-un spa\u021biu, c\u0103ci fiecare monument ac\u021bioneaz\u0103 ca un fel de portal...","robots":{"index":"index","follow":"follow","max-snippet":"max-snippet:-1","max-image-preview":"max-image-preview:large","max-video-preview":"max-video-preview:-1"},"canonical":"https:\/\/lenartoptika.ro\/ro\/blog-ro\/muzee-din-transilvania-placute-ochiului-si-pe-care-trebuie-sa-le-vezi-neaparat\/","og_locale":"ro_RO","og_type":"article","og_title":"Cinci castele de o frumuse\u021be inegalabil\u0103 din Transilvania pe care trebuie s\u0103 le vezi cu persoana iubit\u0103","og_description":"Atunci c\u00e2nd vizit\u0103m un castel, nu c\u0103l\u0103torim doar \u00eentr-un spa\u021biu, c\u0103ci fiecare monument ac\u021bioneaz\u0103 ca un fel de portal prin care putem face adev\u0103rate c\u0103l\u0103torii \u00een trecut.","og_url":"https:\/\/lenartoptika.ro\/ro\/blog-ro\/muzee-din-transilvania-placute-ochiului-si-pe-care-trebuie-sa-le-vezi-neaparat\/","og_site_name":"L\u00e9n\u00e1rt Optika","article_published_time":"2023-03-02T11:10:05+00:00","article_modified_time":"2023-03-02T14:11:58+00:00","og_image":[{"width":1200,"height":600,"url":"https:\/\/lenartoptika.ro\/wp-content\/uploads\/2023\/02\/Lenart_1200x800-0208-B.jpg","type":"image\/jpeg"}],"twitter_card":"summary_large_image","twitter_misc":{"Written by":"lenartoptika","Est. reading time":"6 minute"},"schema":{"@context":"https:\/\/schema.org","@graph":[{"@type":"Organization","@id":"https:\/\/lenartoptika.ro\/ro\/#organization","name":"L\u00e9n\u00e1rt Optika","url":"https:\/\/lenartoptika.ro\/ro\/","sameAs":[],"logo":{"@type":"ImageObject","inLanguage":"ro-RO","@id":"https:\/\/lenartoptika.ro\/ro\/#\/schema\/logo\/image\/","url":"https:\/\/lenartoptika.ro\/wp-content\/uploads\/2023\/01\/logo-hor-250.png","contentUrl":"https:\/\/lenartoptika.ro\/wp-content\/uploads\/2023\/01\/logo-hor-250.png","width":250,"height":96,"caption":"L\u00e9n\u00e1rt Optika"},"image":{"@id":"https:\/\/lenartoptika.ro\/ro\/#\/schema\/logo\/image\/"}},{"@type":"WebSite","@id":"https:\/\/lenartoptika.ro\/ro\/#website","url":"https:\/\/lenartoptika.ro\/ro\/","name":"L\u00e9n\u00e1rt Optika","description":"O vedere clar\u0103 \u0219i imaculat\u0103!","publisher":{"@id":"https:\/\/lenartoptika.ro\/ro\/#organization"},"potentialAction":[{"@type":"SearchAction","target":{"@type":"EntryPoint","urlTemplate":"https:\/\/lenartoptika.ro\/ro\/?s={search_term_string}"},"query-input":"required name=search_term_string"}],"inLanguage":"ro-RO"},{"@type":"ImageObject","inLanguage":"ro-RO","@id":"https:\/\/lenartoptika.ro\/ro\/blog-ro\/muzee-din-transilvania-placute-ochiului-si-pe-care-trebuie-sa-le-vezi-neaparat\/#primaryimage","url":"https:\/\/lenartoptika.ro\/wp-content\/uploads\/2023\/02\/Lenart_1200x800-0208-B.jpg","contentUrl":"https:\/\/lenartoptika.ro\/wp-content\/uploads\/2023\/02\/Lenart_1200x800-0208-B.jpg","width":1200,"height":600},{"@type":"WebPage","@id":"https:\/\/lenartoptika.ro\/ro\/blog-ro\/muzee-din-transilvania-placute-ochiului-si-pe-care-trebuie-sa-le-vezi-neaparat\/#webpage","url":"https:\/\/lenartoptika.ro\/ro\/blog-ro\/muzee-din-transilvania-placute-ochiului-si-pe-care-trebuie-sa-le-vezi-neaparat\/","name":"Muzee din Transilvania, pl\u0103cute ochiului \u0219i pe care trebuie s\u0103 le vezi neap\u0103rat - L\u00e9n\u00e1rt Optika","isPartOf":{"@id":"https:\/\/lenartoptika.ro\/ro\/#website"},"primaryImageOfPage":{"@id":"https:\/\/lenartoptika.ro\/ro\/blog-ro\/muzee-din-transilvania-placute-ochiului-si-pe-care-trebuie-sa-le-vezi-neaparat\/#primaryimage"},"datePublished":"2023-03-02T11:10:05+00:00","dateModified":"2023-03-02T14:11:58+00:00","description":"Atunci c\u00e2nd vizit\u0103m un castel, nu c\u0103l\u0103torim doar \u00eentr-un spa\u021biu, c\u0103ci fiecare monument ac\u021bioneaz\u0103 ca un fel de portal...","breadcrumb":{"@id":"https:\/\/lenartoptika.ro\/ro\/blog-ro\/muzee-din-transilvania-placute-ochiului-si-pe-care-trebuie-sa-le-vezi-neaparat\/#breadcrumb"},"inLanguage":"ro-RO","potentialAction":[{"@type":"ReadAction","target":["https:\/\/lenartoptika.ro\/ro\/blog-ro\/muzee-din-transilvania-placute-ochiului-si-pe-care-trebuie-sa-le-vezi-neaparat\/"]}]},{"@type":"BreadcrumbList","@id":"https:\/\/lenartoptika.ro\/ro\/blog-ro\/muzee-din-transilvania-placute-ochiului-si-pe-care-trebuie-sa-le-vezi-neaparat\/#breadcrumb","itemListElement":[{"@type":"ListItem","position":1,"name":"Home","item":"https:\/\/lenartoptika.ro\/ro\/"},{"@type":"ListItem","position":2,"name":"Muzee din Transilvania, pl\u0103cute ochiului \u0219i pe care trebuie s\u0103 le vezi neap\u0103rat"}]},{"@type":"Article","@id":"https:\/\/lenartoptika.ro\/ro\/blog-ro\/muzee-din-transilvania-placute-ochiului-si-pe-care-trebuie-sa-le-vezi-neaparat\/#article","isPartOf":{"@id":"https:\/\/lenartoptika.ro\/ro\/blog-ro\/muzee-din-transilvania-placute-ochiului-si-pe-care-trebuie-sa-le-vezi-neaparat\/#webpage"},"author":{"@id":"https:\/\/lenartoptika.ro\/ro\/#\/schema\/person\/e368db8e0ccc9714ce92da1027b04e1c"},"headline":"Muzee din Transilvania, pl\u0103cute ochiului \u0219i pe care trebuie s\u0103 le vezi neap\u0103rat","datePublished":"2023-03-02T11:10:05+00:00","dateModified":"2023-03-02T14:11:58+00:00","mainEntityOfPage":{"@id":"https:\/\/lenartoptika.ro\/ro\/blog-ro\/muzee-din-transilvania-placute-ochiului-si-pe-care-trebuie-sa-le-vezi-neaparat\/#webpage"},"wordCount":1352,"publisher":{"@id":"https:\/\/lenartoptika.ro\/ro\/#organization"},"image":{"@id":"https:\/\/lenartoptika.ro\/ro\/blog-ro\/muzee-din-transilvania-placute-ochiului-si-pe-care-trebuie-sa-le-vezi-neaparat\/#primaryimage"},"thumbnailUrl":"https:\/\/lenartoptika.ro\/wp-content\/uploads\/2023\/02\/Lenart_1200x800-0208-B.jpg","articleSection":["Blog"],"inLanguage":"ro-RO"},{"@type":"Person","@id":"https:\/\/lenartoptika.ro\/ro\/#\/schema\/person\/e368db8e0ccc9714ce92da1027b04e1c","name":"lenartoptika","sameAs":["http:\/\/lenartoptika.ro"]}]}},"_links":{"self":[{"href":"https:\/\/lenartoptika.ro\/ro\/wp-json\/wp\/v2\/posts\/434"}],"collection":[{"href":"https:\/\/lenartoptika.ro\/ro\/wp-json\/wp\/v2\/posts"}],"about":[{"href":"https:\/\/lenartoptika.ro\/ro\/wp-json\/wp\/v2\/types\/post"}],"author":[{"embeddable":true,"href":"https:\/\/lenartoptika.ro\/ro\/wp-json\/wp\/v2\/users\/1"}],"replies":[{"embeddable":true,"href":"https:\/\/lenartoptika.ro\/ro\/wp-json\/wp\/v2\/comments?post=434"}],"version-history":[{"count":12,"href":"https:\/\/lenartoptika.ro\/ro\/wp-json\/wp\/v2\/posts\/434\/revisions"}],"predecessor-version":[{"id":465,"href":"https:\/\/lenartoptika.ro\/ro\/wp-json\/wp\/v2\/posts\/434\/revisions\/465"}],"wp:featuredmedia":[{"embeddable":true,"href":"https:\/\/lenartoptika.ro\/ro\/wp-json\/wp\/v2\/media\/437"}],"wp:attachment":[{"href":"https:\/\/lenartoptika.ro\/ro\/wp-json\/wp\/v2\/media?parent=434"}],"wp:term":[{"taxonomy":"category","embeddable":true,"href":"https:\/\/lenartoptika.ro\/ro\/wp-json\/wp\/v2\/categories?post=434"},{"taxonomy":"post_tag","embeddable":true,"href":"https:\/\/lenartoptika.ro\/ro\/wp-json\/wp\/v2\/tags?post=434"}],"curies":[{"name":"wp","href":"https:\/\/api.w.org\/{rel}","templated":true}]}}